{"id":585,"date":"2021-04-28T16:24:24","date_gmt":"2021-04-28T15:24:24","guid":{"rendered":"http:\/\/blogjparrignon.net\/asc2i\/?p=585"},"modified":"2021-04-28T16:24:25","modified_gmt":"2021-04-28T15:24:25","slug":"hommage-de-sofarus-a-jean-pierre-arrignon","status":"publish","type":"post","link":"https:\/\/blogjparrignon.net\/asc2i\/hommage-de-sofarus-a-jean-pierre-arrignon\/","title":{"rendered":"Hommage de SOFARUS \u00e0 Jean-Pierre ARRIGNON"},"content":{"rendered":"\n<p><strong>L\u2019historien et professeur Jean-Pierre Arrignon nous a quitt\u00e9s<\/strong><\/p>\n\n\n\n<p>Le professeur Jean-Pierre Arrignon, l\u2019un des plus grands sp\u00e9cialistes fran\u00e7ais de l\u2019histoire russe nous a quitt\u00e9s.&nbsp;Professeur agr\u00e9g\u00e9 et docteur en Histoire. Il a enseign\u00e9 \u00e0 l\u2019Universit\u00e9 d\u2019Artois et \u00e0 l\u2019Universit\u00e9 de Poitiers, o\u00f9 il a \u00e9t\u00e9 doyen de la facult\u00e9 des Sciences Humaines. En tant qu\u2019historien, il \u00e9tait sp\u00e9cialiste du monde m\u00e9di\u00e9val et de la Russie. Ses recherches portaient sur le monde slave m\u00e9di\u00e9val, mais son int\u00e9r\u00eat s\u2019\u00e9tendait \u00e9galement \u00e0 l\u2019histoire de la Russie contemporaine. Il \u00e9tait docteur Honoris Causa de l\u2019Universit\u00e9 de Iaroslavl, en Russie.<\/p>\n\n\n\n<p>Il fut notamment pr\u00e9sident de la Renaissance Fran\u00e7aise Nord-Pas de Calais, constamment assist\u00e9 de son \u00e9pouse Zoya pour faire rayonner la culture et \u00e0 encourager les intellectuels et c\u2019est ainsi qu\u2019il avait rejoint la SOFARUS.<\/p>\n\n\n\n<p>15 avril 2021, Wladimir MATCHABELLI, Secr\u00e9taire G\u00e9n\u00e9ral de la Soci\u00e9t\u00e9 fran\u00e7aise des amis de la Russie <\/p>\n","protected":false},"excerpt":{"rendered":"<p>L\u2019historien et professeur Jean-Pierre Arrignon nous a quitt\u00e9s Le professeur Jean-Pierre Arrignon, l\u2019un des plus grands sp\u00e9cialistes fran\u00e7ais de l\u2019histoire russe nous a quitt\u00e9s.&nbsp;Professeur agr\u00e9g\u00e9 et docteur en Histoire. Il a enseign\u00e9 \u00e0 l\u2019Universit\u00e9 d\u2019Artois et \u00e0 l\u2019Universit\u00e9 de Poitiers, o\u00f9 il a \u00e9t\u00e9 doyen de la facult\u00e9 des Sciences &hellip; <a class=\"readmore\" href=\"https:\/\/blogjparrignon.net\/asc2i\/hommage-de-sofarus-a-jean-pierre-arrignon\/\">Lire la suite &rarr;<\/a><\/p>\n","protected":false},"author":3,"featured_media":0,"comment_status":"open","ping_status":"closed","sticky":false,"template":"","format":"standard","meta":{"footnotes":""},"categories":[6],"tags":[],"class_list":["post-585","post","type-post","status-publish","format-standard","hentry","category-articles-recents"],"_links":{"self":[{"href":"https:\/\/blogjparrignon.net\/asc2i\/wp-json\/wp\/v2\/posts\/585","targetHints":{"allow":["GET"]}}],"collection":[{"href":"https:\/\/blogjparrignon.net\/asc2i\/wp-json\/wp\/v2\/posts"}],"about":[{"href":"https:\/\/blogjparrignon.net\/asc2i\/wp-json\/wp\/v2\/types\/post"}],"author":[{"embeddable":true,"href":"https:\/\/blogjparrignon.net\/asc2i\/wp-json\/wp\/v2\/users\/3"}],"replies":[{"embeddable":true,"href":"https:\/\/blogjparrignon.net\/asc2i\/wp-json\/wp\/v2\/comments?post=585"}],"version-history":[{"count":1,"href":"https:\/\/blogjparrignon.net\/asc2i\/wp-json\/wp\/v2\/posts\/585\/revisions"}],"predecessor-version":[{"id":586,"href":"https:\/\/blogjparrignon.net\/asc2i\/wp-json\/wp\/v2\/posts\/585\/revisions\/586"}],"wp:attachment":[{"href":"https:\/\/blogjparrignon.net\/asc2i\/wp-json\/wp\/v2\/media?parent=585"}],"wp:term":[{"taxonomy":"category","embeddable":true,"href":"https:\/\/blogjparrignon.net\/asc2i\/wp-json\/wp\/v2\/categories?post=585"},{"taxonomy":"post_tag","embeddable":true,"href":"https:\/\/blogjparrignon.net\/asc2i\/wp-json\/wp\/v2\/tags?post=585"}],"curies":[{"name":"wp","href":"https:\/\/api.w.org\/{rel}","templated":true}]}}