{"id":540,"date":"2020-10-08T20:46:37","date_gmt":"2020-10-08T19:46:37","guid":{"rendered":"http:\/\/blogjparrignon.net\/asc2i\/?p=540"},"modified":"2020-10-08T20:46:37","modified_gmt":"2020-10-08T19:46:37","slug":"la-guerre-du-nagornii-karabakh","status":"publish","type":"post","link":"https:\/\/blogjparrignon.net\/asc2i\/la-guerre-du-nagornii-karabakh\/","title":{"rendered":"La guerre du Nagorni\u00ef-Karabakh"},"content":{"rendered":"\n<p>Le Haut-Karabagh est une enclave montagneuse ethnique peupl\u00e9e d\u2019Arm\u00e9niens, situ\u00e9e au sud-ouest de l\u2019Azerba\u00efdjan.<\/p>\n\n\n\n<p>La demande d\u2019union avec l\u2019Arm\u00e9nie s\u2019est d\u00e9velopp\u00e9e pacifiquement d\u00e8s 1980 suite \u00e0 la d\u00e9sint\u00e9gration de l\u2019Union sovi\u00e9tique. Le 26 f\u00e9vrier 1988, un million de personnes d\u00e9file \u00e0 Erevan et revendique le rattachement du Haut Karabagh \u00e0 l\u2019Arm\u00e9nie. Le Parlement de l\u2019enclave vote le rattachement \u00e0 l\u2019Arm\u00e9nie. Un referendum confirme ce v\u0153u \u00e0 plus de 95%. Il en r\u00e9sulte une guerre violente marqu\u00e9e par des accusations r\u00e9ciproques de nettoyage ethnique.<\/p>\n\n\n\n<p><strong>La premi\u00e8re guerre du Haut Karabagh<\/strong><\/p>\n\n\n\n<p>La guerre prend une ampleur particuli\u00e8re dans l\u2019hiver 1992-93, l\u2019existence de l\u2018Azerba\u00efdjan est menac\u00e9e entra\u00eenant des m\u00e9diations internationales qui \u00e9chouent. Au printemps 1993, les Arm\u00e9niens occupent 9% du territoire azerba\u00efdjanais outre le Haut-Karabagh. Ce conflit d\u2019une extr\u00eame violence fait plus de 400&nbsp;000 r\u00e9fugi\u00e9s arm\u00e9niens fuyant l\u2018Azerba\u00efdjan et 800&nbsp;000 r\u00e9fugi\u00e9s az\u00e9ris d\u2019Arm\u00e9nie et du Haut-Karabagh. Le pouvoir politique de l\u2019Azerba\u00efdjan s\u2019effondre. Le pays accepte le cessez le feu propos\u00e9 par la Russie&nbsp;; il est sign\u00e9 en mai 1994. Les Azerba\u00efdjanais se tournent alors vers un ancien membre du Politburo du Parti communiste de l\u2019URSS, Heydar Aliyev.<\/p>\n\n\n\n<p>Il dirige le pays d\u2019une main de fer, mais parvient \u00e0 n\u00e9gocier un contrat en or avec l\u2019industrie p\u00e9troli\u00e8re. Il peut mener une politique de stabilisation du pays. Mais le probl\u00e8me du Haut-Karabagh n\u2019est pas r\u00e9gl\u00e9. En 2003, Heydar Aliyev renonce \u00e0 solliciter un nouveau mandat. Son fils, Ilhan Aliyev, lui succ\u00e8de jusqu\u2019\u00e0 nos jours. Il m\u00e8ne une politique dictatoriale reposant sur un retour du nationalisme et le r\u00e9armement de l\u2019arm\u00e9e, achetant du mat\u00e9riel de guerre \u00e0 la Russie et Isra\u00ebl. Le Haut-Karabagh est&nbsp;&nbsp; per\u00e7u par les Az\u00e9ris comme la&nbsp;\u00ab&nbsp;ligne bleue des Vosges&nbsp;\u00bb en France, apr\u00e8s 1870.<\/p>\n\n\n\n<p><strong>La seconde guerre du Haut-Karabagh&nbsp;<\/strong><\/p>\n\n\n\n<p>Elle \u00e9clate le 27 septembre 2020 pour ramener l\u2019enclave du Haut-Karabagh, R\u00e9publique auto-proclam\u00e9e en 1991, et non reconnue par les organisations internationales, au sein de l\u2019Azerba\u00efdjan. La guerre provoque les mobilisations g\u00e9n\u00e9rales des deux camps. Les combats sont d\u2019une extr\u00eame violence avec l\u2019utilisation d\u2019armes modernes et de drones. Les populations civiles ne sont pas prot\u00e9g\u00e9es&nbsp;; la capitale Stepanakert est bombard\u00e9e. De plus, le conflit s\u2019internationalise avec l\u2019arriv\u00e9e de mercenaires djihadistes en provenance de Syrie&nbsp;: par exemple, les 300 hommes de la division Sultan Mourad, compos\u00e9e majoritairement de Turkm\u00e8nes, soutenus par la Turquie et affili\u00e9s \u00e0 l\u2019arm\u00e9e de lib\u00e9ration syrienne d\u00e9ploy\u00e9s d\u00e8s le 24 septembre 2020 (un d\u00e9ploiement confirm\u00e9 par E. Macron).&nbsp; L\u2019Azerba\u00efdjan a le soutien de la Turquie, d\u2019Isra\u00ebl et de la Hongrie. Pour cette derni\u00e8re, son soutien se manifeste au nom de l\u2019int\u00e9grit\u00e9 territoriale et de la souverainet\u00e9 des Etats en tant que principe de droit public.<\/p>\n\n\n\n<p>Aujourd\u2019hui les risques d\u2019internationalisation du conflit sont majeurs. Les appels de la communaut\u00e9 internationale \u00e0 un cesser le feu imm\u00e9diat se multiplient mais n\u2019ont pas encore \u00e9t\u00e9 effectifs malgr\u00e9 les concessions du Premier ministre arm\u00e9nien d\u2019accepter de n\u00e9gocier. Seule la Russie, qui est en contact avec les deux bellig\u00e9rants, semble en mesure de prendre des initiatives. Pourtant, l\u2019Arm\u00e9nie se sent abandonn\u00e9e par son alli\u00e9 russe. L\u2019Union europ\u00e9enne, quant \u00e0 elle, est plus proche de la position de la Hongrie.<\/p>\n\n\n\n<p><strong>Quelles le\u00e7ons \u00e0 tirer<\/strong><\/p>\n\n\n\n<p>Un premier constat s\u2019impose&nbsp;: d\u00e9sormais les communaut\u00e9s internationales (ONU, Union europ\u00e9enne, etc.) ne reconnaissent plus les cessations territoriales unilat\u00e9rales des r\u00e9gions (Haut-Karabagh) ou les rattachements \u00e0 d\u2019autres Etats (Crim\u00e9e). Or ces \u00ab&nbsp;Etats&nbsp;\u00bb n\u2019\u00e9tant pas reconnus, nourrissent tous les nationalismes des Etas dont ils se sont s\u00e9par\u00e9s et qui n\u2019ont qu\u2019un seul objectif&nbsp;: reconqu\u00e9rir ces territoires perdus. Cela se traduit par des politiques de r\u00e9armement en vue de mener des guerres de reconqu\u00eate \u00e0 court, moyen ou long terme. La strat\u00e9gie de la non reconnaissance nourrit la guerre.<\/p>\n\n\n\n<p>Il me semble urgent que les communaut\u00e9s internationales r\u00e9fl\u00e9chissent et prennent en compte le D\u00e9calogue de l\u2019Acte final d\u2019Helsinki vot\u00e9 le 1<sup>e<\/sup> ao\u00fbt 1975 qui r\u00e9git les relations internationales entre les Etats participants&nbsp;:<\/p>\n\n\n\n<ol class=\"wp-block-list\" type=\"1\"><li>Egalit\u00e9 souveraine, respect des droits inh\u00e9rents \u00e0 la souverainet\u00e9<\/li><li>Non-recours \u00e0 la menace ou \u00e0 l\u2019emploi de la force<\/li><li>Inviolabilit\u00e9 des fronti\u00e8res<\/li><li>Int\u00e9grit\u00e9 territoriale des Etats<\/li><li>R\u00e8glement pacifique des diff\u00e9rends<\/li><li>Non-intervention dans les affaires int\u00e9rieures<\/li><li>Respect des droits de l\u2019homme et des libert\u00e9s fondamentales y compris la libert\u00e9 de pens\u00e9e, de conscience, de religion ou de conviction<\/li><li>Egalit\u00e9 des droits des peuples et droit des peuples \u00e0 disposer d\u2019eux-m\u00eames<\/li><li>Coop\u00e9ration entre les Etats<\/li><li>Ex\u00e9cution de bonne foi des obligations assum\u00e9es conform\u00e9ment au droit international.<\/li><\/ol>\n\n\n\n<p>Le D\u00e9calogue valide bien l\u2019int\u00e9gralit\u00e9 territoriale des Etats et l\u2019inviolabilit\u00e9 des fronti\u00e8res mais il reconna\u00eet aussi le droit des peuples \u00e0 disposer d\u2019eux-m\u00eames (art. 8). Lorsqu\u2019une volont\u00e9 de quitter un ensemble est valid\u00e9 par un, voire plusieurs referendums \u00e0 plus de 90%, il semble l\u00e9gitime que les communaut\u00e9s internationales puissent prendre en compte la volont\u00e9 des peuples et d\u2019accepter de reconna\u00eetre ce fait en dotant ces nouveaux Etats d\u2019une structure juridique particuli\u00e8re leur garantissant une paix sous protection internationale. Un partenariat international pour la Paix pourrait \u00eatre une perspective \u00e0 imaginer. Ce serait un moyen d\u2019\u00e9viter que les Etats amput\u00e9s ne voient la guerre comme le seul moyen de faire revenir ces r\u00e9gions s\u00e9cessionnistes en leur sein.<\/p>\n","protected":false},"excerpt":{"rendered":"<p>Le Haut-Karabagh est une enclave montagneuse ethnique peupl\u00e9e d\u2019Arm\u00e9niens, situ\u00e9e au sud-ouest de l\u2019Azerba\u00efdjan. La demande d\u2019union avec l\u2019Arm\u00e9nie s\u2019est d\u00e9velopp\u00e9e pacifiquement d\u00e8s 1980 suite \u00e0 la d\u00e9sint\u00e9gration de l\u2019Union sovi\u00e9tique. Le 26 f\u00e9vrier 1988, un million de personnes d\u00e9file \u00e0 Erevan et revendique le rattachement du Haut Karabagh \u00e0 &hellip; <a class=\"readmore\" href=\"https:\/\/blogjparrignon.net\/asc2i\/la-guerre-du-nagornii-karabakh\/\">Lire la suite &rarr;<\/a><\/p>\n","protected":false},"author":3,"featured_media":0,"comment_status":"open","ping_status":"closed","sticky":false,"template":"","format":"standard","meta":{"footnotes":""},"categories":[6],"tags":[],"class_list":["post-540","post","type-post","status-publish","format-standard","hentry","category-articles-recents"],"_links":{"self":[{"href":"https:\/\/blogjparrignon.net\/asc2i\/wp-json\/wp\/v2\/posts\/540","targetHints":{"allow":["GET"]}}],"collection":[{"href":"https:\/\/blogjparrignon.net\/asc2i\/wp-json\/wp\/v2\/posts"}],"about":[{"href":"https:\/\/blogjparrignon.net\/asc2i\/wp-json\/wp\/v2\/types\/post"}],"author":[{"embeddable":true,"href":"https:\/\/blogjparrignon.net\/asc2i\/wp-json\/wp\/v2\/users\/3"}],"replies":[{"embeddable":true,"href":"https:\/\/blogjparrignon.net\/asc2i\/wp-json\/wp\/v2\/comments?post=540"}],"version-history":[{"count":1,"href":"https:\/\/blogjparrignon.net\/asc2i\/wp-json\/wp\/v2\/posts\/540\/revisions"}],"predecessor-version":[{"id":541,"href":"https:\/\/blogjparrignon.net\/asc2i\/wp-json\/wp\/v2\/posts\/540\/revisions\/541"}],"wp:attachment":[{"href":"https:\/\/blogjparrignon.net\/asc2i\/wp-json\/wp\/v2\/media?parent=540"}],"wp:term":[{"taxonomy":"category","embeddable":true,"href":"https:\/\/blogjparrignon.net\/asc2i\/wp-json\/wp\/v2\/categories?post=540"},{"taxonomy":"post_tag","embeddable":true,"href":"https:\/\/blogjparrignon.net\/asc2i\/wp-json\/wp\/v2\/tags?post=540"}],"curies":[{"name":"wp","href":"https:\/\/api.w.org\/{rel}","templated":true}]}}