{"id":502,"date":"2020-05-07T09:32:48","date_gmt":"2020-05-07T08:32:48","guid":{"rendered":"http:\/\/blogjparrignon.net\/asc2i\/?p=502"},"modified":"2020-05-07T09:39:47","modified_gmt":"2020-05-07T08:39:47","slug":"75e-anniversaire-de-la-fin-de-la-seconde-guerre-mondiale-8-9mai-1945","status":"publish","type":"post","link":"https:\/\/blogjparrignon.net\/asc2i\/75e-anniversaire-de-la-fin-de-la-seconde-guerre-mondiale-8-9mai-1945\/","title":{"rendered":"75e Anniversaire de la fin de la seconde guerre mondiale (8-9mai 1945)"},"content":{"rendered":"<p>Au moment o\u00f9 nous c\u00e9l\u00e9brons, confin\u00e9s, le 75<sup>e<\/sup> anniversaire de la fin de la Seconde Guerre mondiale, les discussions se multiplient pour juger la place r\u00e9elle des Alli\u00e9s dans la victoire finale. La Guerre froide (1947-1991) a promu l\u2019importance des Etats Unis dans la victoire au d\u00e9triment de celle de l\u2019Union sovi\u00e9tique. Ainsi un sondage IFOP, concernant le vainqueur de la seconde Guerre mondiale, donne les chiffres suivants\u00a0:<\/p>\n<table>\n<tbody>\n<tr>\n<td width=\"151\"><\/td>\n<td width=\"66\">1945<\/td>\n<td width=\"57\">2004<\/td>\n<td width=\"66\">2014<\/td>\n<\/tr>\n<tr>\n<td width=\"151\">URSS<\/td>\n<td width=\"66\">57%<\/td>\n<td width=\"57\">20%<\/td>\n<td width=\"66\">23%<\/td>\n<\/tr>\n<tr>\n<td width=\"151\">Etats Unis<\/td>\n<td width=\"66\">20%<\/td>\n<td width=\"57\">58%<\/td>\n<td width=\"66\">54%<\/td>\n<\/tr>\n<\/tbody>\n<\/table>\n<p>&nbsp;<\/p>\n<p>Depuis 1947, les Etats Unis d\u00e9veloppent une strat\u00e9gie permanente pour affirmer leur r\u00f4le essentiel dans la lib\u00e9ration de l\u2019Europe. Aujourd\u2019hui, nombreux manuels scolaires relaient ces assertions. Qu\u2019en est-il r\u00e9ellement\u00a0?<\/p>\n<p>Pour commencer, il convient de relever les pertes militaires des alli\u00e9s sur les champs de bataille de l\u2019Europe. L\u2019estimation du nombre des militaires tomb\u00e9s sur les champs de bataille de l\u2019Europe est de 17\u00a0877\u00a0000 (dont 10\u00a0774\u00a0000 du c\u00f4t\u00e9 des Alli\u00e9s et 7\u00a0103\u00a0000 du c\u00f4t\u00e9 de l\u2019Axe). L\u2019Arm\u00e9e rouge constitue 53% du total des pertes connues en Europe\u00a0; l\u2019Allemagne nazie constitue 31% des du total des pertes\u00a0; le Royaume Uni, 1,8%\u00a0; la France, 1,4% et les Etats Unis, 1,3%.<\/p>\n<p>Les chiffres sont \u00e9vidents. Sur le plan militaire, l\u2019URSS a fourni le plus grand effort et subie les plus lourdes pertes dans les combats de lib\u00e9ration de l\u2019Europe. Sur le plan militaire, c\u2019est bien l\u2019URSS qui a lib\u00e9r\u00e9 l\u2019Europe du nazisme comme l\u2019illustre l\u2019image du drapeau rouge port\u00e9 sur le Reichstag par un g\u00e9orgien de l\u2019Arm\u00e9e Rouge.<\/p>\n<p>Ces faits s\u2019expliquent en partie par le refus syst\u00e9matique des Anglais et des Am\u00e9ricains d\u2019ouvrir un second front en Europe. Une ouverture demand\u00e9e par les Sovi\u00e9tiques depuis 1942, mais constamment refus\u00e9e par W. Churchill, occup\u00e9 par la d\u00e9fense de l\u2019Empire et Th. Roosevelt, tr\u00e8s hostile \u00e0 de Gaulle.<\/p>\n<p>L\u2019armistice qui devait arr\u00eater les combats fut sign\u00e9 successivement dans deux villes, Reims puis Berlin. A Reims, l\u2019armistice fut sign\u00e9 le 7 mai 1945 par les g\u00e9n\u00e9raux am\u00e9ricains D. Eisenhower et N.B. Smith, par le g\u00e9n\u00e9ral fran\u00e7ais F. Sevez (le second du g\u00e9n\u00e9ral Juin), le g\u00e9n\u00e9ral sovi\u00e9tique \u00a0 Sousloparov et le mar\u00e9chal allemand A. Jodl. Les combats devaient s\u2019arr\u00eater le 8 mai \u00e0 23 h 01.<\/p>\n<p>Cet armistice de Reims provoque la fureur de Staline qui exige une capitulation \u00e0 Berlin. Notons que le g\u00e9n\u00e9ral de Gaulle \u00e9tait toujours marginalis\u00e9. La fureur de Staline est honor\u00e9e car le texte de Reims pr\u00e9voyait qu\u2019une signature pouvait \u00eatre renouvel\u00e9e si l\u2019un des Alli\u00e9s refusait d\u2019apposer sa signature.<\/p>\n<p>L\u2019armistice de Berlin est sign\u00e9 dans une villa de Karlhorst, QG de Joukov, \u00e0 00h 16 (heure russe) et 23h 16 (pour l\u2018Occident), ce qui explique que les Russes c\u00e9l\u00e8brent l\u2019armistice le 9 mai. Il faut souligner que les signataires pass\u00e8rent un long moment \u00e0 discuter de la pr\u00e9sence de la France \u00e0 la table de signature. Il fallut toute l\u2019habilet\u00e9 et le talent du g\u00e9n\u00e9ral de Lattre de Tassigny, pour arracher aux Alli\u00e9s la pr\u00e9sence de la France.<\/p>\n<p>Le mar\u00e9chal Joukov pr\u00e9side la s\u00e9ance avec \u00e0 sa gauche, Spaatz et de Lattre, \u00e0 sa droite, Tedder et Vychinsky. Entrent alors les Allemands\u00a0: le g\u00e9n\u00e9ral Keitel avec derri\u00e8re lui l\u2019amiral von Friedenburg et le g\u00e9n\u00e9ral Stumpf, derri\u00e8re eux 6 officiers marins et aviateurs. Tous \u00e9taient en grande tenue et gagnent la table qui leur \u00e9tait attribu\u00e9e. Le dialogue s\u2019instaure en russe et allemand, avec traduction en anglais, pour v\u00e9rifier leur capacit\u00e9 \u00e0 signer l\u2019armistice. Ce point acquis, Keitel se l\u00e8ve pour rejoindre la table pr\u00e9sid\u00e9e par Joukov et s\u2019asseoir \u00e0 la place demeur\u00e9e vide aupr\u00e8s de de Lattre. En passant, il maugr\u00e9a \u00ab\u00a0<em>\u00e0 c\u00f4t\u00e9 d\u2019un Fran\u00e7ais, c\u2019est un comble\u00a0<\/em>\u00bb. Keitel signa \u00e0 00h20. Le texte fut sign\u00e9 successivement en 9 exemplaires et traduit en trois langues, russe, allemand et anglais. Les Alli\u00e9s explos\u00e8rent de joie pour ce moment qui marquait la fin de la deuxi\u00e8me guerre mondiale.<\/p>\n<p>En conclusion, j\u2019esp\u00e8re que ces arguments permettent de mieux replacer la place de chacun des Alli\u00e9s\u00a0; de noter que la France du g\u00e9n\u00e9ral de Gaulle est soigneusement tenue \u00e0 l\u2019\u00e9cart et que les documents ne sont jamais traduits en fran\u00e7ais. Lors de la division des secteurs d\u2019occupation de l\u2019ex troisi\u00e8me Reich, il n\u2019y eut que trois parts, russe, am\u00e9ricaine et anglaise. La France re\u00e7ut un secteur pris sur ceux donn\u00e9s aux Am\u00e9ricains et Anglais. Les Fran\u00e7ais occup\u00e8rent leur zone le 26 juillet 1945 et le 12 ao\u00fbt 1945 ils re\u00e7urent deux secteurs de Berlin Reinikendoff et Wedding. Le QG fran\u00e7ais \u00e9tait \u00e9tabli \u00e0 Baden Baden.<\/p>\n<p>JP Arrignon<\/p>\n","protected":false},"excerpt":{"rendered":"<p>Au moment o\u00f9 nous c\u00e9l\u00e9brons, confin\u00e9s, le 75e anniversaire de la fin de la Seconde Guerre mondiale, les discussions se multiplient pour juger la place r\u00e9elle des Alli\u00e9s dans la victoire finale. La Guerre froide (1947-1991) a promu l\u2019importance des Etats Unis dans la victoire au d\u00e9triment de celle de &hellip; <a class=\"readmore\" href=\"https:\/\/blogjparrignon.net\/asc2i\/75e-anniversaire-de-la-fin-de-la-seconde-guerre-mondiale-8-9mai-1945\/\">Lire la suite &rarr;<\/a><\/p>\n","protected":false},"author":3,"featured_media":0,"comment_status":"open","ping_status":"closed","sticky":false,"template":"","format":"standard","meta":{"footnotes":""},"categories":[6],"tags":[],"class_list":["post-502","post","type-post","status-publish","format-standard","hentry","category-articles-recents"],"_links":{"self":[{"href":"https:\/\/blogjparrignon.net\/asc2i\/wp-json\/wp\/v2\/posts\/502","targetHints":{"allow":["GET"]}}],"collection":[{"href":"https:\/\/blogjparrignon.net\/asc2i\/wp-json\/wp\/v2\/posts"}],"about":[{"href":"https:\/\/blogjparrignon.net\/asc2i\/wp-json\/wp\/v2\/types\/post"}],"author":[{"embeddable":true,"href":"https:\/\/blogjparrignon.net\/asc2i\/wp-json\/wp\/v2\/users\/3"}],"replies":[{"embeddable":true,"href":"https:\/\/blogjparrignon.net\/asc2i\/wp-json\/wp\/v2\/comments?post=502"}],"version-history":[{"count":4,"href":"https:\/\/blogjparrignon.net\/asc2i\/wp-json\/wp\/v2\/posts\/502\/revisions"}],"predecessor-version":[{"id":506,"href":"https:\/\/blogjparrignon.net\/asc2i\/wp-json\/wp\/v2\/posts\/502\/revisions\/506"}],"wp:attachment":[{"href":"https:\/\/blogjparrignon.net\/asc2i\/wp-json\/wp\/v2\/media?parent=502"}],"wp:term":[{"taxonomy":"category","embeddable":true,"href":"https:\/\/blogjparrignon.net\/asc2i\/wp-json\/wp\/v2\/categories?post=502"},{"taxonomy":"post_tag","embeddable":true,"href":"https:\/\/blogjparrignon.net\/asc2i\/wp-json\/wp\/v2\/tags?post=502"}],"curies":[{"name":"wp","href":"https:\/\/api.w.org\/{rel}","templated":true}]}}