{"id":605,"date":"2021-06-25T20:08:07","date_gmt":"2021-06-25T19:08:07","guid":{"rendered":"http:\/\/blogjparrignon.net\/asc2i\/?p=605"},"modified":"2021-06-25T20:08:07","modified_gmt":"2021-06-25T19:08:07","slug":"hommage-a-jean-pierre-arrignon-par-le-professeur-mustafa-das-turquie","status":"publish","type":"post","link":"http:\/\/blogjparrignon.net\/asc2i\/hommage-a-jean-pierre-arrignon-par-le-professeur-mustafa-das-turquie\/","title":{"rendered":"Hommage \u00e0 Jean-Pierre ARRIGNON par le Professeur Mustafa DAS (Turquie)"},"content":{"rendered":"\n<p>le texte lu lors de la messe du 26 juin. <\/p>\n\n\n\n<p>Mesdames et Messieurs,<\/p>\n\n\n\n<p>Je m\u2019appelle Mustafa Da\u015f, Je suis \u00e9tudiant, doctorant de Prof. Jean-Pierre Arrignon. Actuellement je travaille comme professeur d&rsquo;histoire \u00e0 l&rsquo;Universit\u00e9 Izmir Dokuz Eylul en Turquie. Dans ma vie professionnelle, il n&rsquo;y a qu&rsquo;une seule personne qui a contribu\u00e9 \u00e0 mon succ\u00e8s : Prof. Jean-Pierre Arrignon.&nbsp; J&rsquo;ai rencontr\u00e9 Prof. Arrignon un jour de f\u00e9vrier 1992 au bureau de doyen, \u00e0 l\u2019universit\u00e9 de Poitiers. A ce temps-l\u00e0, mon fran\u00e7ais \u00e9tait tr\u00e8s insuffisant. On savait que j&rsquo;avais du mal \u00e0 comprendre ce qui se disait. Malgr\u00e9 cela, Prof. Arrignon, visage souriant, avec un patience et gentilles incomparable, a expliqu\u00e9 ce qu\u2019il fallait me faire. A ce moment j\u2019ai bien d\u00e9couvert dans ses yeux son enthousiasme de science, son obligeance ainsi sa bonne volont\u00e9. Pendant mes s\u00e9jours en France, Prof. Arrignon m&rsquo;a toujours trait\u00e9 comme un fils. Il m&rsquo;a fait m&rsquo;inscrire au cours de fran\u00e7ais et a r\u00e9solu mon probl\u00e8me d\u2019h\u00e9bergement. J&rsquo;ai pr\u00e9par\u00e9 mon DEA et ma th\u00e8se de doctorat sous sa direction. Tous ses efforts ont \u00e9t\u00e9 de me transmettre ses connaissances et son exp\u00e9rience. Il est venu \u00e0 mon aide pour chaque probl\u00e8me administratif que je rencontrais. Avec son aide, j&rsquo;ai pu faire venir ma famille en France. Grace \u00e0 lui, on a pass\u00e9 un bon moment en France avec ma femme et mon fils et j\u2019ai fait mon doctorat. Prof. Arrignon \u00e9tait toujours tr\u00e8s d\u00e9termin\u00e9. Il n&rsquo;\u00e9tait intimid\u00e9 par aucun probl\u00e8me. Face \u00e0 un probl\u00e8me, il pensait toujours la solution et la trouvait. A la recherche d\u2019une issue, il gardait toujours son visage souriant et son \u00e9nergie positive. De lui, j\u2019&rsquo;ai appris non seulement l&rsquo;histoire mais aussi la vie. Grace \u00e0 lui, j\u2019ai bien assimil\u00e9 le principe&nbsp;: \u00ab&nbsp;Dieu est l\u2019amour&nbsp;\u00bb. Prof. Arrignon a \u00e9t\u00e9 un mod\u00e8le pour moi, pas seulement un professeur d&rsquo;histoire, un directeur de th\u00e8se de doctorat mais avant tout, il \u00e9tait pour moi, il \u00e9tait le p\u00e8re id\u00e9al. Je ne peux pas exprimer mon admiration et mon respect pour lui avec des mots. L&rsquo;aide, la compassion et la gentillesse que j&rsquo;ai re\u00e7ues de sa part ont une place tr\u00e8s sp\u00e9ciale dans mon c\u0153ur et mon esprit. La douleur que j&rsquo;ai ressentie en apprenant sa mort est indescriptible. J&rsquo;ai v\u00e9cu une grande tristesse. Je ferai de mon mieux pour garder le nom d&rsquo;Arrignon vivant en Turquie. A la premi\u00e8re occasion, je ferai traduire en turc et publier son dernier ouvrage, l&rsquo;Histoire de la Russie, qu&rsquo;il appelait son testament. Appelant les historiens en Turquie l&rsquo;ann\u00e9e prochaine, j\u2019&rsquo;envisage de publier un livre d\u2019hommage pour Prof. Arrignon. Je vais bient\u00f4t \u00eatre grand-p\u00e8re. Sur la suggestion de mon fils a\u00een\u00e9 O\u011fuzhan \u00e0 qui Prof. Arrignon avait montr\u00e9 sa tendresse, nous avons d\u00e9cid\u00e9 de nommer mon petit-fils Can (Djan), qui rappelle Jean. Sachez que Pr. Arrignon vivra toujours en Turquie, au c\u0153ur de la famille Da\u015f. Chaque vendredi, je prie pour lui. Je souhaite \u00e0 Dieu, au paradis, Jean-Pierre Arrignon, mon maitre, mon p\u00e8re, soit le proche, le voisin de J\u00e9sus-Christ.<\/p>\n\n\n\n<p>Je m&rsquo;incline avec r\u00e9v\u00e9rence devant la pr\u00e9sence du spirituel de Prof. Arrignon et devant vous.<\/p>\n\n\n\n<p>Mustafa Da\u015f<\/p>\n","protected":false},"excerpt":{"rendered":"<p>le texte lu lors de la messe du 26 juin. Mesdames et Messieurs, Je m\u2019appelle Mustafa Da\u015f, Je suis \u00e9tudiant, doctorant de Prof. Jean-Pierre Arrignon. Actuellement je travaille comme professeur d&rsquo;histoire \u00e0 l&rsquo;Universit\u00e9 Izmir Dokuz Eylul en Turquie. Dans ma vie professionnelle, il n&rsquo;y a qu&rsquo;une seule personne qui a &hellip; <a class=\"readmore\" href=\"http:\/\/blogjparrignon.net\/asc2i\/hommage-a-jean-pierre-arrignon-par-le-professeur-mustafa-das-turquie\/\">Lire la suite &rarr;<\/a><\/p>\n","protected":false},"author":3,"featured_media":0,"comment_status":"open","ping_status":"closed","sticky":false,"template":"","format":"standard","meta":{"footnotes":""},"categories":[6],"tags":[],"class_list":["post-605","post","type-post","status-publish","format-standard","hentry","category-articles-recents"],"_links":{"self":[{"href":"http:\/\/blogjparrignon.net\/asc2i\/wp-json\/wp\/v2\/posts\/605","targetHints":{"allow":["GET"]}}],"collection":[{"href":"http:\/\/blogjparrignon.net\/asc2i\/wp-json\/wp\/v2\/posts"}],"about":[{"href":"http:\/\/blogjparrignon.net\/asc2i\/wp-json\/wp\/v2\/types\/post"}],"author":[{"embeddable":true,"href":"http:\/\/blogjparrignon.net\/asc2i\/wp-json\/wp\/v2\/users\/3"}],"replies":[{"embeddable":true,"href":"http:\/\/blogjparrignon.net\/asc2i\/wp-json\/wp\/v2\/comments?post=605"}],"version-history":[{"count":1,"href":"http:\/\/blogjparrignon.net\/asc2i\/wp-json\/wp\/v2\/posts\/605\/revisions"}],"predecessor-version":[{"id":606,"href":"http:\/\/blogjparrignon.net\/asc2i\/wp-json\/wp\/v2\/posts\/605\/revisions\/606"}],"wp:attachment":[{"href":"http:\/\/blogjparrignon.net\/asc2i\/wp-json\/wp\/v2\/media?parent=605"}],"wp:term":[{"taxonomy":"category","embeddable":true,"href":"http:\/\/blogjparrignon.net\/asc2i\/wp-json\/wp\/v2\/categories?post=605"},{"taxonomy":"post_tag","embeddable":true,"href":"http:\/\/blogjparrignon.net\/asc2i\/wp-json\/wp\/v2\/tags?post=605"}],"curies":[{"name":"wp","href":"https:\/\/api.w.org\/{rel}","templated":true}]}}